{"id":7935,"date":"2020-07-03T00:58:52","date_gmt":"2020-07-03T00:58:52","guid":{"rendered":"http:\/\/aeguia.edu.pt\/wp\/?p=7935"},"modified":"2020-06-26T23:15:11","modified_gmt":"2020-06-26T23:15:11","slug":"rencontres-culturelles-avignon","status":"publish","type":"post","link":"http:\/\/aeguia.edu.pt\/wp\/2020\/07\/03\/rencontres-culturelles-avignon\/","title":{"rendered":"Rencontres Culturelles Avignon"},"content":{"rendered":"<p>Karine DUPUY, Charg\u00e9e du d\u00e9veloppement des projets N\u00e9e dans le grand Nord pour certains, cest \u00e0 dire \u00e0 Paris, je suis fille dun p\u00e8re journaliste et dune m\u00e8re directrice artistique. Jai eu la chance de baigner dans un milieu de gens passionn\u00e9s, un monde o\u00f9 les livres, N\u00e9e un 17 octobre de la compagnie Kalaam, metteuse en sc\u00e8ne Mounya Boudiaf Un b\u00e2timent hospitalier ne soigne pas par lui-m\u00eame. Une salle de classe nenseigne pas. Les salades ne poussent pas toutes seules. Un train navance pas tout seul. De m\u00eame, un produit ne se fabrique ni ne se vend, un colis ne se livre quavec du travail humain, vivant. La compagnie Pourquoi se lever le matin! est une association \u00e0 but non lucratif, pour apporter le point de vue du travail, exprim\u00e9 par ceux qui le font, dans les d\u00e9bats qui agitent notre soci\u00e9t\u00e9 : sant\u00e9, alimentation, enseignement, transport, \u00e9nergie et bien dautres encore. Les C.E tissent la toile  Depuis plus de 25 ans dexistence, lIMF est implant\u00e9 en r\u00e9gion Provence-Alpes-C\u00f4te dAzur sur 3 sites de formation : Marseille, Avignon, Arles. Dimension \u00e9conomique de la culture. Le Forum dAvignon sappuie sur un comit\u00e9 directeur compos\u00e9 de : Jean-Jacques Annaud, Laurent Bezoni, Mats Carduner, Emmanuel Chain, Herv\u00e9 Digne, Renaud Donnedieu de Vabres, Axel Ganz, Emmanuel Hoog, Alain Kouck, V\u00e9ronique Morali, Pascal Rogard et Nicolas Seydoux, pr\u00e9sident de lassociation Forum dAvignon. Autour de ce comit\u00e9 directeur, seront pr\u00e9sentes des personnalit\u00e9s de larchitecture et du patrimoine ; des arts plastiques ; du cin\u00e9ma ; de l\u00e9conomie ; des banques et de lindustrie ; de l\u00e9dition, de la presse et de la litt\u00e9rature ; de la gastronomie, des institutionnels et organisations internationales, de la t\u00e9l\u00e9vision, radio et internet ; de la musique, danse et spectacle vivant ; ainsi que des ministres europ\u00e9ens.  Le seul h\u00f4tel 5 \u00e9toiles au pied dun golf comme un palace rural o\u00f9 le luxe se lit dans la douceur de vivre, les draps frais, le lever du soleil sur les pierres s\u00e8ches, les fleurs des champs dans des grands vases, le calme et la volupt\u00e9, lodeur du pain et du beurre, le bon miel des ruches du domaine, lhuile de bain, la piscine belle comme un bassin, le massage du matin 25 ao\u00fbt 1944, les soldats am\u00e9ricains lib\u00e8rent la ville. Culture ; ArtsTravail, des enjeux pour aujourdhui La piscine, le golf et les excursions permettent aux membres de la famille de partager ensemble des moments amusants et divertissants. Le Domaine de Manville prend soin de ses h\u00f4tes de demain! Rencontre professionnelle du Festival dAvignon-Th\u00e9atre du P\u00e9lican Rencontres-Observatoire des politiques culturelles ImHuman Emmanuel Ethis d\u00e9plore donc le manque de dispositions particuli\u00e8res \u00e0 destination des \u00e9tudiants. Une sorte de m\u00e9pris pour la question culture \u00e0 luniversit\u00e9 y compris au sein du minist\u00e8re de la Culture. Dun autre c\u00f4t\u00e9, lUniversit\u00e9 est mal connue et mal per\u00e7ue au sein de la Cit\u00e9. Or les 18 et 25 ans se construisent en sautonomisant et en se r\u00e9appropriant un bagage culturel-cest donc \u00e0 ce moment l\u00e0 quil faut \u0153uvrer en \u00e9vitant \u00e0 tout prix les faits dimposition. Un d\u00e9fi. Pourtant la programmation de la bourse du travail CGT, ou les d\u00e9bats Vous souhaitez acqu\u00e9rir des comp\u00e9tences pluridisciplinaires en agriculture et \u00e9levage m\u00e9diterran\u00e9en dans un contexte agro-environnementale territorialis\u00e9, nh\u00e9sitez pas \u00e0 candidater \u00e0 la Licence professionnelle Agro-\u00e9cologie des territoires. <img decoding=\"async\" src=\"http:\/\/fr.1001mags.com\/images\/Couv\/L\/LaTerrasse\/8220-LaTerrasse-166-Couverture-4.jpg\" alt=\"rencontres culturelles avignon\" align=\"left\"> Ch\u00e8que \u00e0 lordre de : Les rencontres dAubergine Insolite. Malgr\u00e9 les apparences, cette op\u00e9ration de sauvetage dun cheval \u00e0 La Tour-sur-Orb, dans lOuest H\u00e9rault, par les.. Au moins 12 000 personnes ont manifest\u00e9 dans une dizaine de villes fran\u00e7aises ce samedi pour d\u00e9noncer les violences polici\u00e8res et le racisme. Les artistes racis\u00e9s au sein des institutions poursuivent leurs actions, dans cette p\u00e9riode de crise li\u00e9e \u00e0 l\u00e9pid\u00e9mie de coronavirus. Avec lespoir dun bouleversement des hi\u00e9rarchies dans le monde du spectacle vivant. <img decoding=\"async\" src=\"http:\/\/www.ecolemontessori-avignon.org\/wp-content\/uploads\/2018\/06\/conference.jpg\" alt=\"rencontres culturelles avignon\" align=\"left\">  \u00c9v\u00e8nements autour dAvignon-Agenda des manifestations Faits divers. Lhomme sest introduit avec un fusil dans le palais de justice et sest suicid\u00e9, ce vendredi 12 juin. En poursuivant votre navigation, vous acceptez lutilisation de cookies \u00e0 des fins statistiques. Pour plus dinformation, veuillez vous r\u00e9f\u00e9rer \u00e0 nos mentions l\u00e9gales. Inscrivez-vous pour acc\u00e9der aux services de LaGazette.fr et \u00e0 la gestion de vos Newsletters et Alertes. <img decoding=\"async\" src=\"http:\/\/canart.fr\/wp-content\/uploads\/2018\/02\/coll-lambert-avignon-rencontres-art-minitel.jpg\" alt=\"rencontres culturelles avignon\" align=\"left\">.<\/p>\n","protected":false},"excerpt":{"rendered":"<p>rencontres culturelles avignon<\/p>\n","protected":false},"author":1,"featured_media":0,"comment_status":"closed","ping_status":"closed","sticky":false,"template":"","format":"standard","meta":{"footnotes":""},"categories":[1],"tags":[],"class_list":["post-7935","post","type-post","status-publish","format-standard","hentry","category-uncategorized"],"_links":{"self":[{"href":"http:\/\/aeguia.edu.pt\/wp\/wp-json\/wp\/v2\/posts\/7935","targetHints":{"allow":["GET"]}}],"collection":[{"href":"http:\/\/aeguia.edu.pt\/wp\/wp-json\/wp\/v2\/posts"}],"about":[{"href":"http:\/\/aeguia.edu.pt\/wp\/wp-json\/wp\/v2\/types\/post"}],"author":[{"embeddable":true,"href":"http:\/\/aeguia.edu.pt\/wp\/wp-json\/wp\/v2\/users\/1"}],"replies":[{"embeddable":true,"href":"http:\/\/aeguia.edu.pt\/wp\/wp-json\/wp\/v2\/comments?post=7935"}],"version-history":[{"count":1,"href":"http:\/\/aeguia.edu.pt\/wp\/wp-json\/wp\/v2\/posts\/7935\/revisions"}],"predecessor-version":[{"id":7936,"href":"http:\/\/aeguia.edu.pt\/wp\/wp-json\/wp\/v2\/posts\/7935\/revisions\/7936"}],"wp:attachment":[{"href":"http:\/\/aeguia.edu.pt\/wp\/wp-json\/wp\/v2\/media?parent=7935"}],"wp:term":[{"taxonomy":"category","embeddable":true,"href":"http:\/\/aeguia.edu.pt\/wp\/wp-json\/wp\/v2\/categories?post=7935"},{"taxonomy":"post_tag","embeddable":true,"href":"http:\/\/aeguia.edu.pt\/wp\/wp-json\/wp\/v2\/tags?post=7935"}],"curies":[{"name":"wp","href":"https:\/\/api.w.org\/{rel}","templated":true}]}}