{"id":3964,"date":"2020-06-26T20:11:49","date_gmt":"2020-06-26T20:11:49","guid":{"rendered":"http:\/\/aeguia.edu.pt\/wp\/?p=3964"},"modified":"2020-06-23T03:59:54","modified_gmt":"2020-06-23T03:59:54","slug":"rencontres-vieillissement","status":"publish","type":"post","link":"http:\/\/aeguia.edu.pt\/wp\/2020\/06\/26\/rencontres-vieillissement\/","title":{"rendered":"Rencontres Vieillissement"},"content":{"rendered":"<p>Les villes qui ont \u00e9t\u00e9 retenues pour participer \u00e0 ce travail Pour clore cet interview, nous nous sommes pos\u00e9 la question de limplication n\u00e9cessaire de la puissance publique dans le traitement de ces questions, en lien direct avec le projet AlpSib dans lequel le P\u00f4le est impliqu\u00e9 qui promeut le d\u00e9veloppement des Social Impact Bonds contrats \u00e0 impact social comme mode de financement de dispositifs sociaux de pr\u00e9vention. 25e Congr\u00e8s de la soci\u00e9t\u00e9 fran\u00e7aise de soins palliatifs SFSP  Journ\u00e9e d\u00e9tude-1 er mars 2017 Vieillissement et mobilit\u00e9s g\u00e9ographiques : famille, care et migrations  Normandie : Rendez-vous aux Rencontres sans CV \u00e0 Deauville le 23 mai. Ce forum, vous devez vous enregistrer au pr\u00e9alable. Merci <img decoding=\"async\" src=\"http:\/\/www.polymtl.ca\/recherche\/img\/bandeau_web_150px-cycsup.png\" alt=\"rencontres vieillissement\" align=\"left\"> iris Journ\u00e9e d\u00e9tude Vieillissement et mobilit\u00e9s g\u00e9ographiques : famille, care et migrations-1er mars 2017-Public : Professionnels de la sant\u00e9 et du social ; Personnes en difficult\u00e9s socio-\u00e9conomiques East Meets West: Innovation and Discovery-Third Asian Conference on Aging Gerontology AGEN 2017  Il y a un avant Viagra et un apr\u00e8s-Viagra, comme il y a un avant 1968 et un apr\u00e8s. Ces deux r\u00e9volutions se rencontrent aujourdhui. Les jeunes qui avaient 2025 ans en 68 ont d\u00e9couvert une forme de sexualit\u00e9 plus libre, plus moderne, que celle de leurs parents. Ils ont aussi \u00e9t\u00e9 les premiers \u00e0 b\u00e9n\u00e9ficier du Viagra pour contrer les pannes sexuelles li\u00e9es au vieillissement. \u00c0 ces deux facteurs, sajoute une troisi\u00e8me r\u00e9volution, celle dinternet qui a radicalement modifi\u00e9 les relations humaines et la mani\u00e8re de se rencontrer. Sous la couette, comme dans ses d\u00e9marches de s\u00e9duction, le senior daujourdhui est bien diff\u00e9rent de ses a\u00een\u00e9s. Plus question de se mettre en retraite sur le plan sexuel! En 1970, lenqu\u00eate Simon 1 montrait qu\u00e0 peine plus de la moiti\u00e9 des plus de 50 ans avaient eu des relations sexuelles dans les derniers 12 mois. Le chiffre tombait \u00e0 37 des femmes et 53 des hommes pour la p\u00e9riode couvrant les 4 semaines pr\u00e9c\u00e9dant lenqu\u00eate. Des \u00e9tudes plus r\u00e9centes montrent que d\u00e9sormais 9 seniors en couple sur 10 ont eu des rapports au cours des 12 derniers mois 2. En 2015, la NATSAL National Survey of Sexual Attitudes and Lifestyles, publi\u00e9e dans le journal britannique Archives of Sexual Behavior allait dans le m\u00eame sens 3. Elle montrait quau-del\u00e0 de 70 ans la vie amoureuse se poursuivait : 54 des hommes et 31 des femmes d\u00e9claraient avoir une activit\u00e9 sexuelle. Non seulement la dur\u00e9e de la p\u00e9riode sexuellement active sest prolong\u00e9e et la fr\u00e9quence des rapports sest accrue mais, en outre, le mode de relation a \u00e9galement \u00e9volu\u00e9 avec une part non n\u00e9gligeable de couples seniors pratiquant ou ayant d\u00e9j\u00e0 pratiqu\u00e9 le sexe oral ou dautres formes de sexualit\u00e9 moins traditionnelles 4. Adh\u00e9rente et favorise l\u00e9change et la diffusion des pratiques innovantes. Sans r\u00e9gulations publiques, Il y a un risque que la ville, sa municipalit\u00e9 et ses citoyens soient d\u00e9poss\u00e9d\u00e9s de lorganisation des services urbains et leurs gestions. Pour les habitants, lacc\u00e8s aux services passe de plus en plus par des applications propos\u00e9es par des entreprises priv\u00e9es dans le cadre dun \u00e9cosyst\u00e8me ferm\u00e9. Colloque organis\u00e9 par lEspace national de r\u00e9flexion \u00e9thique sur les maladies neuro-d\u00e9g\u00e9n\u00e9ratives F\u00e9d\u00e9ration Nationale des Associations de lAide Familiale Populaire FNAAFPCSF Jean Bouinot, La ville intelligente,, 2004, <img decoding=\"async\" src=\"http:\/\/www.louizeandco.com\/wp-content\/uploads\/2017\/10\/louizeandco-photo-mariage-audray-arnaud-038.jpg\" alt=\"rencontres vieillissement\" align=\"center\"> Relever le d\u00e9fi politique de lavanc\u00e9e en \u00e2ge Perspectives internationales, de Martine PINVILLE. Journ\u00e9e de formation sur la r\u00e9alisation du diagnostic territorial au Havre-12042018 LIned propose des contrats post-doctoraux, dun ou deux ans en g\u00e9n\u00e9ral, \u00e0 de jeunes chercheurs, fran\u00e7ais ou \u00e9trangers. Les b\u00e9n\u00e9ficiaires sont s\u00e9lectionn\u00e9s en fonction de leurs comp\u00e9tences, de la qualit\u00e9 et loriginalit\u00e9 de leur projet de recherche et de son ad\u00e9quation avec les th\u00e9matiques de recherche de lIned. Intervention au forum Habitat et vieillissement : des conseils pour bien vieillir chez soi \u00e0 Rennes 35 le mardi 6 d\u00e9cembre 2016 organis\u00e9 par le pour la 3e fois, dans le cadre de son plan daction Rennes, ville amie des a\u00een\u00e9s. Selon Giffinger, les villes intelligentes peuvent \u00eatre identifi\u00e9es et class\u00e9es selon six dimensions principales : une \u00e9conomie intelligente, une mobilit\u00e9 intelligente, un, des habitants intelligents, un intelligent et, enfin, une administration intelligente. Ces six crit\u00e8res se connectent avec les traditionnelles th\u00e9ories r\u00e9gionales et n\u00e9oclassiques de la croissance et du d\u00e9veloppement urbain. Ils sont respectivement fond\u00e9s sur les th\u00e9ories de la comp\u00e9titivit\u00e9 r\u00e9gionale, l\u00e9conomie des transports et des TIC, les ressources naturelles, les capitaux et, la et la participation des citoyens \u00e0 la vie d\u00e9mocratique de la ville. La notion dintelligence inclut ici les concepts d, d, de et de. 3rd European Health Literacy Conference : Developping Health Literacy during the life course Xu M, Pirtskhalava T, Farr JN, et al. 2018 Senolytics improve physical function and increase lifespan in old age-Nature Medicine ; 24:1246-56 co \u00c9cole centrale de Marseille Technop\u00f4le de Ch\u00e2teau-Gombert <img decoding=\"async\" src=\"http:\/\/medias.psychologies.com\/storage\/images\/bien-etre\/prevention\/hygiene-de-vie\/articles-et-dossiers\/des-30-40-50-ans-bien-vieillir-ca-s-apprend\/temoignages-j-ai-accepte-de-vieillir-le-jour-ou\/901462-5-fre-FR\/Temoignages-J-ai-accepte-de-vieillir-le-jour-ou_imagePanoramique647_286.jpg\" alt=\"rencontres vieillissement\" align=\"left\">.<\/p>\n","protected":false},"excerpt":{"rendered":"<p>rencontres vieillissement<\/p>\n","protected":false},"author":1,"featured_media":0,"comment_status":"closed","ping_status":"closed","sticky":false,"template":"","format":"standard","meta":{"footnotes":""},"categories":[1],"tags":[],"class_list":["post-3964","post","type-post","status-publish","format-standard","hentry","category-uncategorized"],"_links":{"self":[{"href":"http:\/\/aeguia.edu.pt\/wp\/wp-json\/wp\/v2\/posts\/3964","targetHints":{"allow":["GET"]}}],"collection":[{"href":"http:\/\/aeguia.edu.pt\/wp\/wp-json\/wp\/v2\/posts"}],"about":[{"href":"http:\/\/aeguia.edu.pt\/wp\/wp-json\/wp\/v2\/types\/post"}],"author":[{"embeddable":true,"href":"http:\/\/aeguia.edu.pt\/wp\/wp-json\/wp\/v2\/users\/1"}],"replies":[{"embeddable":true,"href":"http:\/\/aeguia.edu.pt\/wp\/wp-json\/wp\/v2\/comments?post=3964"}],"version-history":[{"count":1,"href":"http:\/\/aeguia.edu.pt\/wp\/wp-json\/wp\/v2\/posts\/3964\/revisions"}],"predecessor-version":[{"id":3965,"href":"http:\/\/aeguia.edu.pt\/wp\/wp-json\/wp\/v2\/posts\/3964\/revisions\/3965"}],"wp:attachment":[{"href":"http:\/\/aeguia.edu.pt\/wp\/wp-json\/wp\/v2\/media?parent=3964"}],"wp:term":[{"taxonomy":"category","embeddable":true,"href":"http:\/\/aeguia.edu.pt\/wp\/wp-json\/wp\/v2\/categories?post=3964"},{"taxonomy":"post_tag","embeddable":true,"href":"http:\/\/aeguia.edu.pt\/wp\/wp-json\/wp\/v2\/tags?post=3964"}],"curies":[{"name":"wp","href":"https:\/\/api.w.org\/{rel}","templated":true}]}}