{"id":3652,"date":"2020-06-26T20:31:15","date_gmt":"2020-06-26T20:31:15","guid":{"rendered":"http:\/\/aeguia.edu.pt\/wp\/?p=3652"},"modified":"2020-06-22T22:32:21","modified_gmt":"2020-06-22T22:32:21","slug":"asa-rencontre","status":"publish","type":"post","link":"http:\/\/aeguia.edu.pt\/wp\/2020\/06\/26\/asa-rencontre\/","title":{"rendered":"Asa Rencontre"},"content":{"rendered":"<p>Son char po u r aller \u00e0 sa rencontre, e t dit: Tout..   <img decoding=\"async\" src=\"http:\/\/www.mfa-ks.net\/repository\/images\/main\/02_05_2017_2589802_EH_Mogherini_Delegations.jpg\" alt=\"asa rencontre\" align=\"center\"> Les U19 de lAsa football rel\u00e8vent la t\u00eate en simposant contre Baraqueville <img decoding=\"async\" src=\"http:\/\/i39.tinypic.com\/20uy72p.jpg\" alt=\"asa rencontre\" align=\"center\"> Ma r\u00e9sidence principale \u00e9tant dans les Vosges, cette fa\u00e7on de travailler est id\u00e9ale pour moi moins de frais en logement et transport et avec les outils technologiques que nous avons \u00e0 port\u00e9e de main, ce serait dommage de ne pas en profiter \u00e7a, \u00e7a doit \u00eatre mon c\u00f4t\u00e9 am\u00e9ricain qui \u00e9merge. LAssociation qui se veut conviviale et novatrice organise environ 3 soir\u00e9es par an. Mercredi cest donc au mail que le maire a souhait\u00e9 la bienvenue aux nouveaux arrivants et f\u00e9licit\u00e9 lASA de sinscrire dans la politique de la ville au point de vue du rayonnement afin dattirer de nouveaux habitants. Eux qui en sont les meilleurs ambassadeurs pour faire venir et revenir cadres et retrait\u00e9s. Marie-Claude en est un exemple qui est tomb\u00e9e amoureuse de la cath\u00e9drale, de St Jean des Vignes et de la vue quelle peut en avoir depuis le Boulevard Jeanne Darc qui, au passage devrait r\u00e9ouvrir int\u00e9gralement \u00e0 la circulation avant les f\u00eates de fin dann\u00e9e! La troisi\u00e8me \u00e9dition \u00e9tait pr\u00e9vue en en Libye, mais na pas eu lieu du fait de la. Elle eut finalement lieu du 20 au 23 f\u00e9vrier 2013 en. 63 gouvernements y \u00e9taient repr\u00e9sent\u00e9s. Le th\u00e8me fix\u00e9 fut Str\u00e9tagies et m\u00e9canismes pour promouvoir la coop\u00e9ration Sud-Sud. Jaccepte de recevoir les offres sp\u00e9ciales des partenaires du site Conception r\u00e9alisation Agence ComSud SDCI 47 2008-2020- <img decoding=\"async\" src=\"http:\/\/bdtrash.net\/bdtrash-upload\/images\/10177\/2014-11-01\/hsj13810.jpg\" alt=\"asa rencontre\" align=\"center\">  Bienvenue en Islande, l\u00eele des temp\u00eates de neige. Le photographe Christophe Jacrot est tomb\u00e9 sous le charme des paysages islandais et sest enfonc\u00e9 dans le blizzard afin de capter la beaut\u00e9.. Des AG de personnels et des conseils des ma\u00eetres se r\u00e9unissent actuellement, essentiellement en visio conf\u00e9rence. Il peut \u00eatre utile dadopter une position commune, \u00e0 lunanimit\u00e9 ou \u00e0 la majorit\u00e9, t\u00e9moignant de l\u00e9tat de l\u00e9cole ou \u00e9tablissement, du stress de l\u00e9quipe, ou toute autre information que vous jugez utile de faire conna\u00eetre \u00e0 la hi\u00e9rarchie. La campagne de d\u00e9claration est prolong\u00e9e jusquau 30 juin 2020, Nous avons pour ambition de vous fournir de bons outils qui vous accompagneront lors de vos aventures culinaires. Javais d\u00e9j\u00e0 tendance \u00e0 passer une partie de mon temps en t\u00e9l\u00e9travail. De mon c\u00f4t\u00e9, \u00e7a restera sans doute. Mais les comp\u00e9tences acquises et les outils d\u00e9velopp\u00e9s ne seront pas perdus : je pourrai proposer davantage de ressources en ligne \u00e0 mes \u00e9tudiants. Le musicien islandais est entr\u00e9 dans le paysage musical international par la gr\u00e2ce dune chanson, Going Home 2013, ballade folk \u00e9lectronique en forme dhymne \u00e0 son pays. De passage.. On va attendre un peu, peut-\u00eatre que Ussop va intervenir. Toutes nos \u00e9quipes r\u00e9unies pour le Grand Prix 2019 Un grand merci \u00e0 Maxime ROUANET pour cette super vid\u00e9o qui illustre bien le travail de nos commissaires b\u00e9n\u00e9voles. Je n ai pas pu tout te dire avant que tu partes mais tu \u00e9tais juste un ami exceptionnel. Sans toi ce ne sera jamais plus pareil. Le bilan du recours au t\u00e9l\u00e9travail durant l\u00e9tat durgence sanitaire et les perspectives, 8\u00e8me Paris Pau PORSCHE Festival FERDINAND. Article paru il y a quelques mois lors de notre mythique Grand Prix Historique 2019 avec un petit clin doeil pour notre ASA et nos b\u00e9n\u00e9voles. Sonia t\u00e9moigne \u00e0 loccasion du mois de la femme chez Modis! St\u00e9phan, guide accompagnateur, vous propose une balade \u00e0 v\u00e9lo de 35 km \u00e0 la d\u00e9couverte de la V\u00e9loroute du Calavon, ses alentours sur la th\u00e9matique de la pierre. Laissez-vous guider.<\/p>\n","protected":false},"excerpt":{"rendered":"<p>asa rencontre<\/p>\n","protected":false},"author":1,"featured_media":0,"comment_status":"closed","ping_status":"closed","sticky":false,"template":"","format":"standard","meta":{"footnotes":""},"categories":[1],"tags":[],"class_list":["post-3652","post","type-post","status-publish","format-standard","hentry","category-uncategorized"],"_links":{"self":[{"href":"http:\/\/aeguia.edu.pt\/wp\/wp-json\/wp\/v2\/posts\/3652","targetHints":{"allow":["GET"]}}],"collection":[{"href":"http:\/\/aeguia.edu.pt\/wp\/wp-json\/wp\/v2\/posts"}],"about":[{"href":"http:\/\/aeguia.edu.pt\/wp\/wp-json\/wp\/v2\/types\/post"}],"author":[{"embeddable":true,"href":"http:\/\/aeguia.edu.pt\/wp\/wp-json\/wp\/v2\/users\/1"}],"replies":[{"embeddable":true,"href":"http:\/\/aeguia.edu.pt\/wp\/wp-json\/wp\/v2\/comments?post=3652"}],"version-history":[{"count":1,"href":"http:\/\/aeguia.edu.pt\/wp\/wp-json\/wp\/v2\/posts\/3652\/revisions"}],"predecessor-version":[{"id":3653,"href":"http:\/\/aeguia.edu.pt\/wp\/wp-json\/wp\/v2\/posts\/3652\/revisions\/3653"}],"wp:attachment":[{"href":"http:\/\/aeguia.edu.pt\/wp\/wp-json\/wp\/v2\/media?parent=3652"}],"wp:term":[{"taxonomy":"category","embeddable":true,"href":"http:\/\/aeguia.edu.pt\/wp\/wp-json\/wp\/v2\/categories?post=3652"},{"taxonomy":"post_tag","embeddable":true,"href":"http:\/\/aeguia.edu.pt\/wp\/wp-json\/wp\/v2\/tags?post=3652"}],"curies":[{"name":"wp","href":"https:\/\/api.w.org\/{rel}","templated":true}]}}